{"id":11016,"date":"2019-09-18T13:20:40","date_gmt":"2019-09-18T13:20:40","guid":{"rendered":"https:\/\/elviart.com\/h-elviart-sti-diethni-ekthesi-anuga-2019\/"},"modified":"2019-09-25T09:03:22","modified_gmt":"2019-09-25T09:03:22","slug":"elviart-auf-der-anuga-international-exhibition-2019","status":"publish","type":"post","link":"https:\/\/elviart.com\/de\/elviart-auf-der-anuga-international-exhibition-2019\/","title":{"rendered":"Elviart auf der Anuga International Exhibition 2019"},"content":{"rendered":"<p style=\"font-weight: 400;\">Vom 5. bis 9. Oktober wird Elviart an der Anuga 2019 International Messe teilnehmen, die das diesj\u00e4hrige 100-j\u00e4hrige Jubil\u00e4um (1919-2019) abschlie\u00dft!<\/p>\n<p style=\"font-weight: 400;\">Eine Veranstaltung weltweit. f\u00fchrend. richtunggebend. mit der Botschaft Taste The Future, die in K\u00f6ln stattfinden wird.<\/p>\n<p style=\"font-weight: 400;\">Elviart wird erneut w\u00fcrdig den griechischen Pionier und die griechische Tradition auf dem Weltmarkt vertreten!<\/p>\n<p>&nbsp;<\/p>\n<h6><b><span lang=\"DE\">Besuchen Sie uns in Halle 4.1 Stand C080<\/span><\/b><\/h6>\n","protected":false},"excerpt":{"rendered":"<p>Vom 5. bis 9. Oktober wird Elviart an der Anuga 2019 International Messe teilnehmen, die das diesj\u00e4hrige 100-j\u00e4hrige Jubil\u00e4um (1919-2019) abschlie\u00dft! Eine Veranstaltung weltweit. f\u00fchrend. richtunggebend. mit der Botschaft Taste The Future, die in K\u00f6ln stattfinden wird. Elviart wird erneut w\u00fcrdig den griechischen Pionier und die griechische Tradition auf dem Weltmarkt vertreten! &nbsp; Besuchen Sie&#8230;<\/p>\n","protected":false},"author":1,"featured_media":10982,"comment_status":"open","ping_status":"closed","sticky":false,"template":"","format":"standard","meta":{"footnotes":""},"categories":[228,397],"tags":[],"class_list":["post-11016","post","type-post","status-publish","format-standard","has-post-thumbnail","hentry","category-announcements-de","category-blog-de"],"yoast_head":"<!-- This site is optimized with the Yoast SEO plugin v27.3 - https:\/\/yoast.com\/product\/yoast-seo-wordpress\/ -->\n<title>Elviart auf der Anuga International Exhibition 2019 - Elviart<\/title>\n<meta name=\"robots\" content=\"index, follow, max-snippet:-1, max-image-preview:large, max-video-preview:-1\" \/>\n<link rel=\"canonical\" href=\"https:\/\/elviart.com\/de\/elviart-auf-der-anuga-international-exhibition-2019\/\" \/>\n<meta property=\"og:locale\" content=\"de_DE\" \/>\n<meta property=\"og:type\" content=\"article\" \/>\n<meta property=\"og:title\" content=\"Elviart auf der Anuga International Exhibition 2019 - Elviart\" \/>\n<meta property=\"og:description\" content=\"Vom 5. bis 9. Oktober wird Elviart an der Anuga 2019 International Messe teilnehmen, die das diesj\u00e4hrige 100-j\u00e4hrige Jubil\u00e4um (1919-2019) abschlie\u00dft! Eine Veranstaltung weltweit. f\u00fchrend. richtunggebend. mit der Botschaft Taste The Future, die in K\u00f6ln stattfinden wird. Elviart wird erneut w\u00fcrdig den griechischen Pionier und die griechische Tradition auf dem Weltmarkt vertreten! &nbsp; Besuchen Sie...\" \/>\n<meta property=\"og:url\" content=\"https:\/\/elviart.com\/de\/elviart-auf-der-anuga-international-exhibition-2019\/\" \/>\n<meta property=\"og:site_name\" content=\"Elviart\" \/>\n<meta property=\"article:published_time\" content=\"2019-09-18T13:20:40+00:00\" \/>\n<meta property=\"article:modified_time\" content=\"2019-09-25T09:03:22+00:00\" \/>\n<meta property=\"og:image\" content=\"https:\/\/elviart.com\/wp-content\/uploads\/2019\/09\/seasonal-18-09-19.png\" \/>\n\t<meta property=\"og:image:width\" content=\"800\" \/>\n\t<meta property=\"og:image:height\" content=\"600\" \/>\n\t<meta property=\"og:image:type\" content=\"image\/png\" \/>\n<meta name=\"author\" content=\"elviart\" \/>\n<meta name=\"twitter:card\" content=\"summary_large_image\" \/>\n<meta name=\"twitter:label1\" content=\"Verfasst von\" \/>\n\t<meta name=\"twitter:data1\" content=\"elviart\" \/>\n<script type=\"application\/ld+json\" class=\"yoast-schema-graph\">{\"@context\":\"https:\\\/\\\/schema.org\",\"@graph\":[{\"@type\":\"Article\",\"@id\":\"https:\\\/\\\/elviart.com\\\/de\\\/elviart-auf-der-anuga-international-exhibition-2019\\\/#article\",\"isPartOf\":{\"@id\":\"https:\\\/\\\/elviart.com\\\/de\\\/elviart-auf-der-anuga-international-exhibition-2019\\\/\"},\"author\":{\"name\":\"elviart\",\"@id\":\"https:\\\/\\\/elviart.com\\\/de\\\/#\\\/schema\\\/person\\\/146395a9ef9eb8f2307f1ea050c7eb8b\"},\"headline\":\"Elviart auf der Anuga International Exhibition 2019\",\"datePublished\":\"2019-09-18T13:20:40+00:00\",\"dateModified\":\"2019-09-25T09:03:22+00:00\",\"mainEntityOfPage\":{\"@id\":\"https:\\\/\\\/elviart.com\\\/de\\\/elviart-auf-der-anuga-international-exhibition-2019\\\/\"},\"wordCount\":70,\"commentCount\":0,\"image\":{\"@id\":\"https:\\\/\\\/elviart.com\\\/de\\\/elviart-auf-der-anuga-international-exhibition-2019\\\/#primaryimage\"},\"thumbnailUrl\":\"https:\\\/\\\/elviart.com\\\/wp-content\\\/uploads\\\/2019\\\/09\\\/seasonal-18-09-19.png\",\"articleSection\":[\"Ank\u00fcndigungen\",\"Blog\"],\"inLanguage\":\"de\",\"potentialAction\":[{\"@type\":\"CommentAction\",\"name\":\"Comment\",\"target\":[\"https:\\\/\\\/elviart.com\\\/de\\\/elviart-auf-der-anuga-international-exhibition-2019\\\/#respond\"]}]},{\"@type\":\"WebPage\",\"@id\":\"https:\\\/\\\/elviart.com\\\/de\\\/elviart-auf-der-anuga-international-exhibition-2019\\\/\",\"url\":\"https:\\\/\\\/elviart.com\\\/de\\\/elviart-auf-der-anuga-international-exhibition-2019\\\/\",\"name\":\"Elviart auf der Anuga International Exhibition 2019 - Elviart\",\"isPartOf\":{\"@id\":\"https:\\\/\\\/elviart.com\\\/de\\\/#website\"},\"primaryImageOfPage\":{\"@id\":\"https:\\\/\\\/elviart.com\\\/de\\\/elviart-auf-der-anuga-international-exhibition-2019\\\/#primaryimage\"},\"image\":{\"@id\":\"https:\\\/\\\/elviart.com\\\/de\\\/elviart-auf-der-anuga-international-exhibition-2019\\\/#primaryimage\"},\"thumbnailUrl\":\"https:\\\/\\\/elviart.com\\\/wp-content\\\/uploads\\\/2019\\\/09\\\/seasonal-18-09-19.png\",\"datePublished\":\"2019-09-18T13:20:40+00:00\",\"dateModified\":\"2019-09-25T09:03:22+00:00\",\"author\":{\"@id\":\"https:\\\/\\\/elviart.com\\\/de\\\/#\\\/schema\\\/person\\\/146395a9ef9eb8f2307f1ea050c7eb8b\"},\"breadcrumb\":{\"@id\":\"https:\\\/\\\/elviart.com\\\/de\\\/elviart-auf-der-anuga-international-exhibition-2019\\\/#breadcrumb\"},\"inLanguage\":\"de\",\"potentialAction\":[{\"@type\":\"ReadAction\",\"target\":[\"https:\\\/\\\/elviart.com\\\/de\\\/elviart-auf-der-anuga-international-exhibition-2019\\\/\"]}]},{\"@type\":\"ImageObject\",\"inLanguage\":\"de\",\"@id\":\"https:\\\/\\\/elviart.com\\\/de\\\/elviart-auf-der-anuga-international-exhibition-2019\\\/#primaryimage\",\"url\":\"https:\\\/\\\/elviart.com\\\/wp-content\\\/uploads\\\/2019\\\/09\\\/seasonal-18-09-19.png\",\"contentUrl\":\"https:\\\/\\\/elviart.com\\\/wp-content\\\/uploads\\\/2019\\\/09\\\/seasonal-18-09-19.png\",\"width\":800,\"height\":600},{\"@type\":\"BreadcrumbList\",\"@id\":\"https:\\\/\\\/elviart.com\\\/de\\\/elviart-auf-der-anuga-international-exhibition-2019\\\/#breadcrumb\",\"itemListElement\":[{\"@type\":\"ListItem\",\"position\":1,\"name\":\"Home\",\"item\":\"https:\\\/\\\/elviart.com\\\/de\\\/\"},{\"@type\":\"ListItem\",\"position\":2,\"name\":\"Elviart auf der Anuga International Exhibition 2019\"}]},{\"@type\":\"WebSite\",\"@id\":\"https:\\\/\\\/elviart.com\\\/de\\\/#website\",\"url\":\"https:\\\/\\\/elviart.com\\\/de\\\/\",\"name\":\"Elviart\",\"description\":\"\u03a0\u03af\u03c4\u03b5\u03c2 \u039a\u03b1\u03bb\u03bf\u03ca\u03b4\u03ac\u03c2, \u03c0\u03c1\u03ad\u03c0\u03b5\u03b9 \u03bd\u03b1 \u03c6\u03b1\u03c2\",\"potentialAction\":[{\"@type\":\"SearchAction\",\"target\":{\"@type\":\"EntryPoint\",\"urlTemplate\":\"https:\\\/\\\/elviart.com\\\/de\\\/?s={search_term_string}\"},\"query-input\":{\"@type\":\"PropertyValueSpecification\",\"valueRequired\":true,\"valueName\":\"search_term_string\"}}],\"inLanguage\":\"de\"},{\"@type\":\"Person\",\"@id\":\"https:\\\/\\\/elviart.com\\\/de\\\/#\\\/schema\\\/person\\\/146395a9ef9eb8f2307f1ea050c7eb8b\",\"name\":\"elviart\",\"image\":{\"@type\":\"ImageObject\",\"inLanguage\":\"de\",\"@id\":\"https:\\\/\\\/elviart.com\\\/wp-content\\\/litespeed\\\/avatar\\\/afd624047f8560b82937c5f86513153c.jpg?ver=1777559447\",\"url\":\"https:\\\/\\\/elviart.com\\\/wp-content\\\/litespeed\\\/avatar\\\/afd624047f8560b82937c5f86513153c.jpg?ver=1777559447\",\"contentUrl\":\"https:\\\/\\\/elviart.com\\\/wp-content\\\/litespeed\\\/avatar\\\/afd624047f8560b82937c5f86513153c.jpg?ver=1777559447\",\"caption\":\"elviart\"},\"url\":\"https:\\\/\\\/elviart.com\\\/de\\\/author\\\/elviart\\\/\"}]}<\/script>\n<!-- \/ Yoast SEO plugin. -->","yoast_head_json":{"title":"Elviart auf der Anuga International Exhibition 2019 - Elviart","robots":{"index":"index","follow":"follow","max-snippet":"max-snippet:-1","max-image-preview":"max-image-preview:large","max-video-preview":"max-video-preview:-1"},"canonical":"https:\/\/elviart.com\/de\/elviart-auf-der-anuga-international-exhibition-2019\/","og_locale":"de_DE","og_type":"article","og_title":"Elviart auf der Anuga International Exhibition 2019 - Elviart","og_description":"Vom 5. bis 9. Oktober wird Elviart an der Anuga 2019 International Messe teilnehmen, die das diesj\u00e4hrige 100-j\u00e4hrige Jubil\u00e4um (1919-2019) abschlie\u00dft! Eine Veranstaltung weltweit. f\u00fchrend. richtunggebend. mit der Botschaft Taste The Future, die in K\u00f6ln stattfinden wird. Elviart wird erneut w\u00fcrdig den griechischen Pionier und die griechische Tradition auf dem Weltmarkt vertreten! &nbsp; Besuchen Sie...","og_url":"https:\/\/elviart.com\/de\/elviart-auf-der-anuga-international-exhibition-2019\/","og_site_name":"Elviart","article_published_time":"2019-09-18T13:20:40+00:00","article_modified_time":"2019-09-25T09:03:22+00:00","og_image":[{"width":800,"height":600,"url":"https:\/\/elviart.com\/wp-content\/uploads\/2019\/09\/seasonal-18-09-19.png","type":"image\/png"}],"author":"elviart","twitter_card":"summary_large_image","twitter_misc":{"Verfasst von":"elviart"},"schema":{"@context":"https:\/\/schema.org","@graph":[{"@type":"Article","@id":"https:\/\/elviart.com\/de\/elviart-auf-der-anuga-international-exhibition-2019\/#article","isPartOf":{"@id":"https:\/\/elviart.com\/de\/elviart-auf-der-anuga-international-exhibition-2019\/"},"author":{"name":"elviart","@id":"https:\/\/elviart.com\/de\/#\/schema\/person\/146395a9ef9eb8f2307f1ea050c7eb8b"},"headline":"Elviart auf der Anuga International Exhibition 2019","datePublished":"2019-09-18T13:20:40+00:00","dateModified":"2019-09-25T09:03:22+00:00","mainEntityOfPage":{"@id":"https:\/\/elviart.com\/de\/elviart-auf-der-anuga-international-exhibition-2019\/"},"wordCount":70,"commentCount":0,"image":{"@id":"https:\/\/elviart.com\/de\/elviart-auf-der-anuga-international-exhibition-2019\/#primaryimage"},"thumbnailUrl":"https:\/\/elviart.com\/wp-content\/uploads\/2019\/09\/seasonal-18-09-19.png","articleSection":["Ank\u00fcndigungen","Blog"],"inLanguage":"de","potentialAction":[{"@type":"CommentAction","name":"Comment","target":["https:\/\/elviart.com\/de\/elviart-auf-der-anuga-international-exhibition-2019\/#respond"]}]},{"@type":"WebPage","@id":"https:\/\/elviart.com\/de\/elviart-auf-der-anuga-international-exhibition-2019\/","url":"https:\/\/elviart.com\/de\/elviart-auf-der-anuga-international-exhibition-2019\/","name":"Elviart auf der Anuga International Exhibition 2019 - Elviart","isPartOf":{"@id":"https:\/\/elviart.com\/de\/#website"},"primaryImageOfPage":{"@id":"https:\/\/elviart.com\/de\/elviart-auf-der-anuga-international-exhibition-2019\/#primaryimage"},"image":{"@id":"https:\/\/elviart.com\/de\/elviart-auf-der-anuga-international-exhibition-2019\/#primaryimage"},"thumbnailUrl":"https:\/\/elviart.com\/wp-content\/uploads\/2019\/09\/seasonal-18-09-19.png","datePublished":"2019-09-18T13:20:40+00:00","dateModified":"2019-09-25T09:03:22+00:00","author":{"@id":"https:\/\/elviart.com\/de\/#\/schema\/person\/146395a9ef9eb8f2307f1ea050c7eb8b"},"breadcrumb":{"@id":"https:\/\/elviart.com\/de\/elviart-auf-der-anuga-international-exhibition-2019\/#breadcrumb"},"inLanguage":"de","potentialAction":[{"@type":"ReadAction","target":["https:\/\/elviart.com\/de\/elviart-auf-der-anuga-international-exhibition-2019\/"]}]},{"@type":"ImageObject","inLanguage":"de","@id":"https:\/\/elviart.com\/de\/elviart-auf-der-anuga-international-exhibition-2019\/#primaryimage","url":"https:\/\/elviart.com\/wp-content\/uploads\/2019\/09\/seasonal-18-09-19.png","contentUrl":"https:\/\/elviart.com\/wp-content\/uploads\/2019\/09\/seasonal-18-09-19.png","width":800,"height":600},{"@type":"BreadcrumbList","@id":"https:\/\/elviart.com\/de\/elviart-auf-der-anuga-international-exhibition-2019\/#breadcrumb","itemListElement":[{"@type":"ListItem","position":1,"name":"Home","item":"https:\/\/elviart.com\/de\/"},{"@type":"ListItem","position":2,"name":"Elviart auf der Anuga International Exhibition 2019"}]},{"@type":"WebSite","@id":"https:\/\/elviart.com\/de\/#website","url":"https:\/\/elviart.com\/de\/","name":"Elviart","description":"\u03a0\u03af\u03c4\u03b5\u03c2 \u039a\u03b1\u03bb\u03bf\u03ca\u03b4\u03ac\u03c2, \u03c0\u03c1\u03ad\u03c0\u03b5\u03b9 \u03bd\u03b1 \u03c6\u03b1\u03c2","potentialAction":[{"@type":"SearchAction","target":{"@type":"EntryPoint","urlTemplate":"https:\/\/elviart.com\/de\/?s={search_term_string}"},"query-input":{"@type":"PropertyValueSpecification","valueRequired":true,"valueName":"search_term_string"}}],"inLanguage":"de"},{"@type":"Person","@id":"https:\/\/elviart.com\/de\/#\/schema\/person\/146395a9ef9eb8f2307f1ea050c7eb8b","name":"elviart","image":{"@type":"ImageObject","inLanguage":"de","@id":"https:\/\/elviart.com\/wp-content\/litespeed\/avatar\/afd624047f8560b82937c5f86513153c.jpg?ver=1777559447","url":"https:\/\/elviart.com\/wp-content\/litespeed\/avatar\/afd624047f8560b82937c5f86513153c.jpg?ver=1777559447","contentUrl":"https:\/\/elviart.com\/wp-content\/litespeed\/avatar\/afd624047f8560b82937c5f86513153c.jpg?ver=1777559447","caption":"elviart"},"url":"https:\/\/elviart.com\/de\/author\/elviart\/"}]}},"_links":{"self":[{"href":"https:\/\/elviart.com\/de\/wp-json\/wp\/v2\/posts\/11016","targetHints":{"allow":["GET"]}}],"collection":[{"href":"https:\/\/elviart.com\/de\/wp-json\/wp\/v2\/posts"}],"about":[{"href":"https:\/\/elviart.com\/de\/wp-json\/wp\/v2\/types\/post"}],"author":[{"embeddable":true,"href":"https:\/\/elviart.com\/de\/wp-json\/wp\/v2\/users\/1"}],"replies":[{"embeddable":true,"href":"https:\/\/elviart.com\/de\/wp-json\/wp\/v2\/comments?post=11016"}],"version-history":[{"count":1,"href":"https:\/\/elviart.com\/de\/wp-json\/wp\/v2\/posts\/11016\/revisions"}],"predecessor-version":[{"id":11017,"href":"https:\/\/elviart.com\/de\/wp-json\/wp\/v2\/posts\/11016\/revisions\/11017"}],"wp:featuredmedia":[{"embeddable":true,"href":"https:\/\/elviart.com\/de\/wp-json\/wp\/v2\/media\/10982"}],"wp:attachment":[{"href":"https:\/\/elviart.com\/de\/wp-json\/wp\/v2\/media?parent=11016"}],"wp:term":[{"taxonomy":"category","embeddable":true,"href":"https:\/\/elviart.com\/de\/wp-json\/wp\/v2\/categories?post=11016"},{"taxonomy":"post_tag","embeddable":true,"href":"https:\/\/elviart.com\/de\/wp-json\/wp\/v2\/tags?post=11016"}],"curies":[{"name":"wp","href":"https:\/\/api.w.org\/{rel}","templated":true}]}}